{"id":1360,"date":"2025-12-08T20:52:14","date_gmt":"2025-12-08T20:52:14","guid":{"rendered":"https:\/\/bekenntnis.net\/?p=1360"},"modified":"2025-12-08T21:06:03","modified_gmt":"2025-12-08T21:06:03","slug":"friedensgebet-mit-dem-bekenntniskreis-baden-bkb","status":"publish","type":"post","link":"https:\/\/bekenntnis.net\/?p=1360","title":{"rendered":"Friedensgebet mit dem \u203aBekenntniskreis Baden\u2039 (\u203aBKB\u2039):"},"content":{"rendered":"\n<p><a href=\"https:\/\/bekenntnis.net\/wp-content\/uploads\/2025\/12\/Pressemeldung-Friedensgebet-8.-Okt.-2023.pdf\">>> PDF Download<\/a><\/p>\n\n\n\n<p><strong>Verbundenheit mit dem Volk Israel<\/strong><\/p>\n\n\n\n<p>In der Stephanskirche zu Feldrennach trafen sich zu einem besonderen Gottesdienst anl\u00e4sslich des 7. Oktober 2023 Mitglieder aus dem \u203aBekenntniskreis Baden\u2039 am 7. Oktober \u2013 darunter sechs Pfarrer: die beiden Ortsgeistlichen David Gerlach, Matthias Gerlach sowie Dr. Hans-Gerd Krabbe (Achern), Hans-Joachim Scholz (Feldrennach), Erhard Schulz (Meckesheim), Gernot Spelsberg (Ettlingen).<\/p>\n\n\n\n<p>Mit dem Psalmgebet: \u00bbO Gott, bleibe nicht stumm!\u00ab (Ps. 83) wurde der Gottesdienst er\u00f6ffnet. Hans Scholz betonte in seiner Ansprache die Verbundenheit der Kirche Jesu Christi mit dem Volk Israel. In den F\u00fcrbitten wurde beklagt, dass sich die christlichen Kirchen nicht klar genug an die Seite Israels stellen \u2013 dass der Antisemitismus hierzulande weiter um sich greift \u2013 dass Juden weltweit in Angst leben und es im \u00f6ffentlichen Raum nicht mehr wagen, sich als Juden zu erkennen zu geben. Gebetet wurde auch f\u00fcr die Geiseln, f\u00fcr die islamistischen Terroristen, f\u00fcr alle Pal\u00e4stinenser guten Willens: auf dass Frieden werde!<\/p>\n\n\n\n<p><em>Dr. Hans-Gerd Krabbe<\/em><\/p>\n\n\n\n<p><\/p>\n\n\n\n<figure class=\"wp-block-image size-large\"><img fetchpriority=\"high\" decoding=\"async\" width=\"1024\" height=\"768\" src=\"https:\/\/bekenntnis.net\/wp-content\/uploads\/2025\/12\/image-1024x768.png\" alt=\"\" class=\"wp-image-1361\" srcset=\"https:\/\/bekenntnis.net\/wp-content\/uploads\/2025\/12\/image-1024x768.png 1024w, https:\/\/bekenntnis.net\/wp-content\/uploads\/2025\/12\/image-300x225.png 300w, https:\/\/bekenntnis.net\/wp-content\/uploads\/2025\/12\/image-768x576.png 768w, https:\/\/bekenntnis.net\/wp-content\/uploads\/2025\/12\/image-1536x1152.png 1536w, https:\/\/bekenntnis.net\/wp-content\/uploads\/2025\/12\/image.png 2016w\" sizes=\"(max-width: 1024px) 100vw, 1024px\" \/><\/figure>\n\n\n\n<p>v.l.n.r. David Gerlach, Matthias Gerlach, Dr. Hans-Gerd Krabbe, Gernot Spelsberg, Erhard Schulz, Hans-Joachim Scholz<\/p>\n","protected":false},"excerpt":{"rendered":"<p>>> PDF Download Verbundenheit mit dem Volk Israel In der Stephanskirche zu Feldrennach trafen sich zu einem besonderen Gottesdienst anl\u00e4sslich des 7. Oktober 2023 Mitglieder aus dem \u203aBekenntniskreis Baden\u2039 am 7. Oktober \u2013 darunter sechs Pfarrer: die beiden Ortsgeistlichen David Gerlach, Matthias Gerlach sowie Dr. Hans-Gerd Krabbe (Achern), Hans-Joachim Scholz (Feldrennach), Erhard Schulz (Meckesheim), Gernot<br \/><a class=\"moretag\" href=\"https:\/\/bekenntnis.net\/?p=1360\">+ Read More<\/a><\/p>\n","protected":false},"author":6,"featured_media":0,"comment_status":"closed","ping_status":"closed","sticky":false,"template":"","format":"standard","meta":[],"categories":[41],"tags":[42],"_links":{"self":[{"href":"https:\/\/bekenntnis.net\/index.php?rest_route=\/wp\/v2\/posts\/1360"}],"collection":[{"href":"https:\/\/bekenntnis.net\/index.php?rest_route=\/wp\/v2\/posts"}],"about":[{"href":"https:\/\/bekenntnis.net\/index.php?rest_route=\/wp\/v2\/types\/post"}],"author":[{"embeddable":true,"href":"https:\/\/bekenntnis.net\/index.php?rest_route=\/wp\/v2\/users\/6"}],"replies":[{"embeddable":true,"href":"https:\/\/bekenntnis.net\/index.php?rest_route=%2Fwp%2Fv2%2Fcomments&post=1360"}],"version-history":[{"count":3,"href":"https:\/\/bekenntnis.net\/index.php?rest_route=\/wp\/v2\/posts\/1360\/revisions"}],"predecessor-version":[{"id":1369,"href":"https:\/\/bekenntnis.net\/index.php?rest_route=\/wp\/v2\/posts\/1360\/revisions\/1369"}],"wp:attachment":[{"href":"https:\/\/bekenntnis.net\/index.php?rest_route=%2Fwp%2Fv2%2Fmedia&parent=1360"}],"wp:term":[{"taxonomy":"category","embeddable":true,"href":"https:\/\/bekenntnis.net\/index.php?rest_route=%2Fwp%2Fv2%2Fcategories&post=1360"},{"taxonomy":"post_tag","embeddable":true,"href":"https:\/\/bekenntnis.net\/index.php?rest_route=%2Fwp%2Fv2%2Ftags&post=1360"}],"curies":[{"name":"wp","href":"https:\/\/api.w.org\/{rel}","templated":true}]}}